{"id":26199,"date":"2023-06-09T12:38:26","date_gmt":"2023-06-09T10:38:26","guid":{"rendered":"https:\/\/veevcom.com\/?p=26199"},"modified":"2023-06-09T12:44:09","modified_gmt":"2023-06-09T10:44:09","slug":"luis-de-la-carrasca-presente-flamenco-vivo-baro-drom-au-festival-off-davignon","status":"publish","type":"post","link":"https:\/\/veevcom.com\/en\/luis-de-la-carrasca-presente-flamenco-vivo-baro-drom-au-festival-off-davignon\/","title":{"rendered":"Luis de la Carrasca presents  \u00ab Flamenco vivo&#8230; Bar\u00f3 Drom  \u00bb  at the Festival Off d&#8217;Avignon"},"content":{"rendered":"<p class=\"qtranxs-available-languages-message qtranxs-available-languages-message-en\">Sorry, this entry is only available in <a href=\"https:\/\/veevcom.com\/fr\/wp-json\/wp\/v2\/posts\/26199\" class=\"qtranxs-available-language-link qtranxs-available-language-link-fr\" title=\"FR\">FR<\/a>.<\/p><p><\/p>\n<p class=\"p1\"><span class=\"s1\"><b>Luis de la Carrasca&nbsp;<\/b>pr\u00e9sente&nbsp;&#8220;<b>Flamenco vivo&#8230;&nbsp;Bar\u00f3 Drom<\/b>&#8221; son nouveau spectacle, issu de son 5e album &#8220;<b>Bar\u00f3 Drom<\/b>&#8220;, sorti le&nbsp;<b>17 mars&nbsp;2023<\/b>&nbsp;chez<b>&nbsp;Andalouse Alhambra&nbsp;\/ InOu\u00efe Distribution<\/b>. L&#8217;artiste et sa compagnie se produiront&nbsp;dans le cadre du&nbsp;<b>Festival Off d&#8217;Avignon ,<\/b>sur la sc\u00e8ne du<b>&nbsp;Th\u00e9\u00e2tre du Ch\u00eane Noir&nbsp;<\/b>du&nbsp;<b>7 au 29 juillet 2023<\/b>,&nbsp;tous les jours \u00e0 20h00 (rel\u00e2che les lundis).<\/span><\/p>\n<p class=\"p1\"><span class=\"s1\">Andalou de Grenade,&nbsp;<b>Luis de la Carrasca<\/b>&nbsp;est l&#8217;une des r\u00e9f\u00e9rences dans le monde Flamenco.&nbsp;<\/span><\/p>\n<p class=\"p1\"><span class=\"s1\">Dans ce nouveau spectacle issu de son album \u00e9ponyme, il poursuit son exploration sonore, un pied dans la tradition, l\u2019autre dans la modernit\u00e9.<\/span><\/p>\n<p class=\"p1\"><span class=\"s1\">Son inspiration chemine dans son v\u00e9cu et refl\u00e8te un sentiment qui ne veut jamais partir.&nbsp;D\u2019ailleurs si &#8220;<b>Bar\u00f3 Drom<\/b>&#8221;&nbsp;\u00e9voque les gitans, cela rappelle aussi les Grands Voyages \u00e0 travers le monde et l\u2019histoire de l\u2019homme jusqu\u2019\u00e0 nos jours.<\/span><\/p>\n<p class=\"p1\"><span class=\"s1\">Au chant et aux rythmes des deux guitares Flamenco, s\u2019int\u00e8grent un souffle classique avec le piano, une impulsion jazz avec la contrebasse, une libert\u00e9 avec les percussions, une \u00e9nergie avec les ch\u0153urs, les&nbsp;palmas et la danse.<\/span><\/p>\n<p class=\"p1\"><span class=\"s1\">Attentif aux sons du monde,&nbsp;<b>Luis de la Carrasca<\/b>&nbsp;croit au pouvoir des mots et d\u00e9fend une musique sans limite.<\/span><\/p>\n<p class=\"p1\"><span class=\"s1\">Aux c\u00f4t\u00e9s de&nbsp;<b>Luis de la Carrasca<\/b>&nbsp;(auteur-compositeur, chant, palmas), vous pourrez retrouver sur la sc\u00e8ne du Th\u00e9\u00e2tre du Ch\u00eane Noir&nbsp;:<\/span><\/p>\n<ul>\n<li class=\"p3\"><span class=\"s1\"><b>Jos\u00e9 Luis Dominguez<\/b>&nbsp;(guitare),<\/span><\/li>\n<li class=\"p3\"><span class=\"s1\"><b>Manuel G\u00f3mez<\/b>&nbsp;(guitare),<\/span><\/li>\n<li class=\"p1\"><span class=\"s1\"><b>Domingo Moreno<\/b>&nbsp;(caj\u00f3n\/percussions et palmas),<\/span><\/li>\n<li class=\"p1\"><span class=\"s1\"><b>Olivier Lalauze<\/b>&nbsp;(contrebasse),<\/span><\/li>\n<li class=\"p1\"><span class=\"s1\"><b>Antonio Paz<\/b>&nbsp;(piano et choeurs),<\/span><\/li>\n<li class=\"p1\"><span class=\"s1\"><b>Aur\u00e9lien Dalmasso <\/b>(musique \u00e9lectronique),<\/span><\/li>\n<li class=\"p3\"><span class=\"s1\"><b>Ana P\u00e9rez <\/b>ou&nbsp;<b>C\u00e9line Daussan \u00ab&nbsp;La Rosa Negra&nbsp;\u00bb<\/b> (ch\u0153urs, palmas et danse).<\/span><\/li>\n<\/ul>\n<p>&nbsp;<\/p>\n<p><span class=\"s1\"><b>Ils en parlent :<\/b><\/span><\/p>\n<p class=\"p1\"><span class=\"s1\">\u00ab&nbsp;<i>Avec l\u2019album&nbsp;Bar\u00f3 Drom,&nbsp;l\u2019Andalou poursuit sa route&nbsp;: celle d\u2019un chanteur et guitariste de la province de Grenade qui s\u2019est \u00e9tabli en France il y a pr\u00e8s de trente ans, mais qui, entre deux musiques compos\u00e9es pour le th\u00e9\u00e2tre, ne cesse de revenir au flamenco, qu\u2019il modernise avec \u00e9l\u00e9gance, avec contrebasse et piano&nbsp;\u00bb.<\/i><\/span><\/p>\n<p><strong>T\u00e9l\u00e9rama<\/strong><\/p>\n<p class=\"p1\"><span class=\"s1\">\u00ab&nbsp;<i>La voix rugueuse de De La Carrasca s&#8217;\u00e9l\u00e8ve sur des nappes de sons \u00e9lectroniques, nous faisant basculer dans l&#8217;univers du trip-hop<\/i>&nbsp;\u00bb.<\/span><\/p>\n<p><strong>Songlines<\/strong><\/p>\n<p class=\"p1\"><span class=\"s1\">\u00ab&nbsp;<i>D\u2019une remarquable sobri\u00e9t\u00e9, le chanteur andalou s\u2019affranchit d\u2019embl\u00e9e de tout exc\u00e8s de flamboyance ou de dramaturgie surjou\u00e9e. Et si l\u2019interpr\u00e9tation reste visc\u00e9rale, elle n\u2019en demeure pas moins lumineuse, davantage porteuse de vie et d\u2019espoir que de lamentations&nbsp;\u00bb.<\/i><\/span><\/p>\n<p><strong>Que Tal Paris ?<\/strong><\/p>\n<p class=\"p1\"><span class=\"s1\">\u00ab&nbsp;<i>Ce nouvel et superbe 5<\/i><\/span><span class=\"s2\"><i><sup>e<\/sup><\/i><\/span><span class=\"s1\"><i>&nbsp;album nous conduit sur la route gitane, ce Bar\u00f3 Drom (grand chemin) sur lequel a chemin\u00e9 en masse le peuple gitan, du Rajasthan vers l\u2019Europe et l\u2019Espagne. (&#8230;) Ce dernier opus est un petit bijou (\u2026)&nbsp;\u00bb.<\/i><\/span><\/p>\n<p><strong>5 Plan\u00e8tes<\/strong><\/p>\n<p>&nbsp;<\/p>\n<p><span class=\"s1\"><b>Biographie Luis de la Carrasca<\/b><\/span><\/p>\n<p class=\"p2\"><span class=\"s1\">Cet Andalou de Grenade, arriv\u00e9 en France en 1991, est actuellement l\u2019artiste Flamenco reconnu et une des r\u00e9f\u00e9rences dans le monde Flamenco. Autodidacte, il a h\u00e9rit\u00e9 du don de ses anc\u00eatres pour el Cante.<\/span><\/p>\n<p class=\"p2\"><span class=\"s1\">Il a plusieurs CD \u00e0 son actif : FLAMENCO Luis de la Carrasca produit par G\u00e9rard Kremer (Label Sunset France &#8211; Collection Air Music \u2013 AUVIDIS-1997), Flamenco por el Mundo produit par Sunset France (2008), Tesoros Humanos (2014) produit par Andalouse Alhambra en contrat de licence avec Label Sunset France, distribu\u00e9 par Harmonia Mundi et Gharnata (2019) produit par Andalouse Alhambra avec l\u2019aide de la R\u00e9gion Sud Provence-Alpes-C\u00f4te d\u2019Azur, de l\u2019ADAMI et de la SCPP distribu\u00e9 par Inou\u00efe Distribution. Il participe \u00e9galement \u00e0 l\u2019album Reflejo Flamenco, Artistes du Grand Sud de la France, pr\u00e9sent\u00e9 \u00e0 l&#8217;occasion du XXXIIIe Congr\u00e8s International d&#8217;Art Flamenco \u00e0 N\u00eemes en 2005. Son nouvel album Bar\u00f3 Drom est sorti le 17 mars 2023.<\/span><\/p>\n<p class=\"p2\"><span class=\"s1\">De nombreux metteurs en sc\u00e8ne, tels que Thomas Le Douarec, Jean-Luc Pali\u00e8s, Prosper Diss, Serge Barbuscia ont fait appel \u00e0 son talent. Luis de la Carrasca compose les musiques de sc\u00e8ne et r\u00e9alise l&#8217;adaptation Flamenco de nombreuses pi\u00e8ces de th\u00e9\u00e2tre (Le Cid la l\u00e9gende Flamenco, Sign\u00e9 Pombo, Th\u00e9orie et Jeu du Duende, El Cordob\u00e9s, Ola Federico, Carmen Flamenco&#8230;).<\/span><\/p>\n<p><\/p>","protected":false},"excerpt":{"rendered":"<p>Sorry, this entry is only available in FR. Luis de la Carrasca&nbsp;pr\u00e9sente&nbsp;&#8220;Flamenco vivo&#8230;&nbsp;Bar\u00f3 Drom&#8221; son nouveau spectacle, issu de son 5e album &#8220;Bar\u00f3 Drom&#8220;, sorti le&nbsp;17 mars&nbsp;2023&nbsp;chez&nbsp;Andalouse Alhambra&nbsp;\/ InOu\u00efe Distribution. L&#8217;artiste et sa compagnie se produiront&nbsp;dans le cadre du&nbsp;Festival Off d&#8217;Avignon ,sur la sc\u00e8ne du&nbsp;Th\u00e9\u00e2tre du Ch\u00eane Noir&nbsp;du&nbsp;7 au 29 juillet 2023,&nbsp;tous les jours \u00e0 [&hellip;]<\/p>\n","protected":false},"author":3,"featured_media":26200,"comment_status":"closed","ping_status":"closed","sticky":false,"template":"","format":"standard","meta":{"_acf_changed":false,"footnotes":""},"categories":[1],"tags":[],"class_list":["post-26199","post","type-post","status-publish","format-standard","has-post-thumbnail","hentry","category-non-classe"],"acf":[],"yoast_head":"<!-- This site is optimized with the Yoast SEO plugin v27.4 - https:\/\/yoast.com\/product\/yoast-seo-wordpress\/ -->\n<title>Luis de la Carrasca presents \u00ab Flamenco vivo... Bar\u00f3 Drom \u00bb at the Festival Off d&#039;Avignon - VeevCom<\/title>\n<meta name=\"robots\" content=\"index, follow, max-snippet:-1, max-image-preview:large, max-video-preview:-1\" \/>\n<link rel=\"canonical\" href=\"https:\/\/veevcom.com\/en\/luis-de-la-carrasca-presente-flamenco-vivo-baro-drom-au-festival-off-davignon\/\" \/>\n<meta property=\"og:locale\" content=\"en_US\" \/>\n<meta property=\"og:type\" content=\"article\" \/>\n<meta property=\"og:title\" content=\"Luis de la Carrasca presents \u00ab Flamenco vivo... Bar\u00f3 Drom \u00bb at the Festival Off d&#039;Avignon - VeevCom\" \/>\n<meta property=\"og:description\" content=\"Sorry, this entry is only available in FR. Luis de la Carrasca&nbsp;pr\u00e9sente&nbsp;&#8220;Flamenco vivo&#8230;&nbsp;Bar\u00f3 Drom&#8221; son nouveau spectacle, issu de son 5e album &#8220;Bar\u00f3 Drom&#8220;, sorti le&nbsp;17 mars&nbsp;2023&nbsp;chez&nbsp;Andalouse Alhambra&nbsp;\/ InOu\u00efe Distribution. L&#8217;artiste et sa compagnie se produiront&nbsp;dans le cadre du&nbsp;Festival Off d&#8217;Avignon ,sur la sc\u00e8ne du&nbsp;Th\u00e9\u00e2tre du Ch\u00eane Noir&nbsp;du&nbsp;7 au 29 juillet 2023,&nbsp;tous les jours \u00e0 [&hellip;]\" \/>\n<meta property=\"og:url\" content=\"https:\/\/veevcom.com\/en\/luis-de-la-carrasca-presente-flamenco-vivo-baro-drom-au-festival-off-davignon\/\" \/>\n<meta property=\"og:site_name\" content=\"VeevCom\" \/>\n<meta property=\"article:published_time\" content=\"2023-06-09T10:38:26+00:00\" \/>\n<meta property=\"article:modified_time\" content=\"2023-06-09T10:44:09+00:00\" \/>\n<meta property=\"og:image\" content=\"https:\/\/veevcom.com\/wp-content\/uploads\/2023\/06\/flamenco-vivo-baro-drom.png\" \/>\n\t<meta property=\"og:image:width\" content=\"1350\" \/>\n\t<meta property=\"og:image:height\" content=\"1909\" \/>\n\t<meta property=\"og:image:type\" content=\"image\/png\" \/>\n<meta name=\"author\" content=\"severine\" \/>\n<meta name=\"twitter:card\" content=\"summary_large_image\" \/>\n<meta name=\"twitter:label1\" content=\"Written by\" \/>\n\t<meta name=\"twitter:data1\" content=\"severine\" \/>\n\t<meta name=\"twitter:label2\" content=\"Est. reading time\" \/>\n\t<meta name=\"twitter:data2\" content=\"4 minutes\" \/>\n<script type=\"application\/ld+json\" class=\"yoast-schema-graph\">{\"@context\":\"https:\\\/\\\/schema.org\",\"@graph\":[{\"@type\":\"Article\",\"@id\":\"https:\\\/\\\/veevcom.com\\\/en\\\/luis-de-la-carrasca-presente-flamenco-vivo-baro-drom-au-festival-off-davignon\\\/#article\",\"isPartOf\":{\"@id\":\"https:\\\/\\\/veevcom.com\\\/en\\\/luis-de-la-carrasca-presente-flamenco-vivo-baro-drom-au-festival-off-davignon\\\/\"},\"author\":{\"name\":\"severine\",\"@id\":\"https:\\\/\\\/veevcom.com\\\/#\\\/schema\\\/person\\\/754f1f5a030d278766b52cf0e0c62e8b\"},\"headline\":\"Luis de la Carrasca presents \u00ab Flamenco vivo&#8230; Bar\u00f3 Drom \u00bb at the Festival Off d&#8217;Avignon\",\"datePublished\":\"2023-06-09T10:38:26+00:00\",\"dateModified\":\"2023-06-09T10:44:09+00:00\",\"mainEntityOfPage\":{\"@id\":\"https:\\\/\\\/veevcom.com\\\/en\\\/luis-de-la-carrasca-presente-flamenco-vivo-baro-drom-au-festival-off-davignon\\\/\"},\"wordCount\":793,\"image\":{\"@id\":\"https:\\\/\\\/veevcom.com\\\/en\\\/luis-de-la-carrasca-presente-flamenco-vivo-baro-drom-au-festival-off-davignon\\\/#primaryimage\"},\"thumbnailUrl\":\"https:\\\/\\\/veevcom.com\\\/wp-content\\\/uploads\\\/2023\\\/06\\\/flamenco-vivo-baro-drom.png\",\"articleSection\":[\"News\"],\"inLanguage\":\"en-US\"},{\"@type\":\"WebPage\",\"@id\":\"https:\\\/\\\/veevcom.com\\\/en\\\/luis-de-la-carrasca-presente-flamenco-vivo-baro-drom-au-festival-off-davignon\\\/\",\"url\":\"https:\\\/\\\/veevcom.com\\\/en\\\/luis-de-la-carrasca-presente-flamenco-vivo-baro-drom-au-festival-off-davignon\\\/\",\"name\":\"Luis de la Carrasca presents \u00ab Flamenco vivo... Bar\u00f3 Drom \u00bb at the Festival Off d'Avignon - VeevCom\",\"isPartOf\":{\"@id\":\"https:\\\/\\\/veevcom.com\\\/en\\\/#website\"},\"primaryImageOfPage\":{\"@id\":\"https:\\\/\\\/veevcom.com\\\/en\\\/luis-de-la-carrasca-presente-flamenco-vivo-baro-drom-au-festival-off-davignon\\\/#primaryimage\"},\"image\":{\"@id\":\"https:\\\/\\\/veevcom.com\\\/en\\\/luis-de-la-carrasca-presente-flamenco-vivo-baro-drom-au-festival-off-davignon\\\/#primaryimage\"},\"thumbnailUrl\":\"https:\\\/\\\/veevcom.com\\\/wp-content\\\/uploads\\\/2023\\\/06\\\/flamenco-vivo-baro-drom.png\",\"datePublished\":\"2023-06-09T10:38:26+00:00\",\"dateModified\":\"2023-06-09T10:44:09+00:00\",\"author\":{\"@id\":\"https:\\\/\\\/veevcom.com\\\/#\\\/schema\\\/person\\\/754f1f5a030d278766b52cf0e0c62e8b\"},\"breadcrumb\":{\"@id\":\"https:\\\/\\\/veevcom.com\\\/en\\\/luis-de-la-carrasca-presente-flamenco-vivo-baro-drom-au-festival-off-davignon\\\/#breadcrumb\"},\"inLanguage\":\"en-US\",\"potentialAction\":[{\"@type\":\"ReadAction\",\"target\":[[\"https:\\\/\\\/veevcom.com\\\/en\\\/luis-de-la-carrasca-presente-flamenco-vivo-baro-drom-au-festival-off-davignon\\\/\"]]}]},{\"@type\":\"ImageObject\",\"inLanguage\":\"en-US\",\"@id\":\"https:\\\/\\\/veevcom.com\\\/en\\\/luis-de-la-carrasca-presente-flamenco-vivo-baro-drom-au-festival-off-davignon\\\/#primaryimage\",\"url\":\"https:\\\/\\\/veevcom.com\\\/wp-content\\\/uploads\\\/2023\\\/06\\\/flamenco-vivo-baro-drom.png\",\"contentUrl\":\"https:\\\/\\\/veevcom.com\\\/wp-content\\\/uploads\\\/2023\\\/06\\\/flamenco-vivo-baro-drom.png\",\"width\":1350,\"height\":1909},{\"@type\":\"BreadcrumbList\",\"@id\":\"https:\\\/\\\/veevcom.com\\\/en\\\/luis-de-la-carrasca-presente-flamenco-vivo-baro-drom-au-festival-off-davignon\\\/#breadcrumb\",\"itemListElement\":[{\"@type\":\"ListItem\",\"position\":1,\"name\":\"Accueil\",\"item\":\"https:\\\/\\\/veevcom.com\\\/en\\\/\"},{\"@type\":\"ListItem\",\"position\":2,\"name\":\"Luis de la Carrasca presents \u00ab Flamenco vivo&#8230; Bar\u00f3 Drom \u00bb at the Festival Off d&#8217;Avignon\"}]},{\"@type\":\"WebSite\",\"@id\":\"https:\\\/\\\/veevcom.com\\\/en\\\/#website\",\"url\":\"https:\\\/\\\/veevcom.com\\\/en\\\/\",\"name\":\"VeevCom\",\"description\":\"Public Relations and Communication in the Music Industry\",\"potentialAction\":[{\"@type\":\"SearchAction\",\"target\":{\"@type\":\"EntryPoint\",\"urlTemplate\":\"https:\\\/\\\/veevcom.com\\\/en\\\/?s={search_term_string}\"},\"query-input\":{\"@type\":\"PropertyValueSpecification\",\"valueRequired\":true,\"valueName\":\"search_term_string\"}}],\"inLanguage\":\"en-US\"},{\"@type\":\"Person\",\"@id\":\"https:\\\/\\\/veevcom.com\\\/#\\\/schema\\\/person\\\/754f1f5a030d278766b52cf0e0c62e8b\",\"name\":\"severine\",\"image\":{\"@type\":\"ImageObject\",\"inLanguage\":\"en-US\",\"@id\":\"https:\\\/\\\/secure.gravatar.com\\\/avatar\\\/ba307ed472519f403589981b25bf62b4089c1f82b837eaae855dd05633adf22c?s=96&d=mm&r=g\",\"url\":\"https:\\\/\\\/secure.gravatar.com\\\/avatar\\\/ba307ed472519f403589981b25bf62b4089c1f82b837eaae855dd05633adf22c?s=96&d=mm&r=g\",\"contentUrl\":\"https:\\\/\\\/secure.gravatar.com\\\/avatar\\\/ba307ed472519f403589981b25bf62b4089c1f82b837eaae855dd05633adf22c?s=96&d=mm&r=g\",\"caption\":\"severine\"}}]}<\/script>\n<!-- \/ Yoast SEO plugin. -->","yoast_head_json":{"title":"Luis de la Carrasca presents \u00ab Flamenco vivo... Bar\u00f3 Drom \u00bb at the Festival Off d'Avignon - VeevCom","robots":{"index":"index","follow":"follow","max-snippet":"max-snippet:-1","max-image-preview":"max-image-preview:large","max-video-preview":"max-video-preview:-1"},"canonical":"https:\/\/veevcom.com\/en\/luis-de-la-carrasca-presente-flamenco-vivo-baro-drom-au-festival-off-davignon\/","og_locale":"en_US","og_type":"article","og_title":"Luis de la Carrasca presents \u00ab Flamenco vivo... Bar\u00f3 Drom \u00bb at the Festival Off d'Avignon - VeevCom","og_description":"Sorry, this entry is only available in FR. Luis de la Carrasca&nbsp;pr\u00e9sente&nbsp;&#8220;Flamenco vivo&#8230;&nbsp;Bar\u00f3 Drom&#8221; son nouveau spectacle, issu de son 5e album &#8220;Bar\u00f3 Drom&#8220;, sorti le&nbsp;17 mars&nbsp;2023&nbsp;chez&nbsp;Andalouse Alhambra&nbsp;\/ InOu\u00efe Distribution. L&#8217;artiste et sa compagnie se produiront&nbsp;dans le cadre du&nbsp;Festival Off d&#8217;Avignon ,sur la sc\u00e8ne du&nbsp;Th\u00e9\u00e2tre du Ch\u00eane Noir&nbsp;du&nbsp;7 au 29 juillet 2023,&nbsp;tous les jours \u00e0 [&hellip;]","og_url":"https:\/\/veevcom.com\/en\/luis-de-la-carrasca-presente-flamenco-vivo-baro-drom-au-festival-off-davignon\/","og_site_name":"VeevCom","article_published_time":"2023-06-09T10:38:26+00:00","article_modified_time":"2023-06-09T10:44:09+00:00","og_image":[{"width":1350,"height":1909,"url":"https:\/\/veevcom.com\/wp-content\/uploads\/2023\/06\/flamenco-vivo-baro-drom.png","type":"image\/png"}],"author":"severine","twitter_card":"summary_large_image","twitter_misc":{"Written by":"severine","Est. reading time":"4 minutes"},"schema":{"@context":"https:\/\/schema.org","@graph":[{"@type":"Article","@id":"https:\/\/veevcom.com\/en\/luis-de-la-carrasca-presente-flamenco-vivo-baro-drom-au-festival-off-davignon\/#article","isPartOf":{"@id":"https:\/\/veevcom.com\/en\/luis-de-la-carrasca-presente-flamenco-vivo-baro-drom-au-festival-off-davignon\/"},"author":{"name":"severine","@id":"https:\/\/veevcom.com\/#\/schema\/person\/754f1f5a030d278766b52cf0e0c62e8b"},"headline":"Luis de la Carrasca presents \u00ab Flamenco vivo&#8230; Bar\u00f3 Drom \u00bb at the Festival Off d&#8217;Avignon","datePublished":"2023-06-09T10:38:26+00:00","dateModified":"2023-06-09T10:44:09+00:00","mainEntityOfPage":{"@id":"https:\/\/veevcom.com\/en\/luis-de-la-carrasca-presente-flamenco-vivo-baro-drom-au-festival-off-davignon\/"},"wordCount":793,"image":{"@id":"https:\/\/veevcom.com\/en\/luis-de-la-carrasca-presente-flamenco-vivo-baro-drom-au-festival-off-davignon\/#primaryimage"},"thumbnailUrl":"https:\/\/veevcom.com\/wp-content\/uploads\/2023\/06\/flamenco-vivo-baro-drom.png","articleSection":["News"],"inLanguage":"en-US"},{"@type":"WebPage","@id":"https:\/\/veevcom.com\/en\/luis-de-la-carrasca-presente-flamenco-vivo-baro-drom-au-festival-off-davignon\/","url":"https:\/\/veevcom.com\/en\/luis-de-la-carrasca-presente-flamenco-vivo-baro-drom-au-festival-off-davignon\/","name":"Luis de la Carrasca presents \u00ab Flamenco vivo... Bar\u00f3 Drom \u00bb at the Festival Off d'Avignon - VeevCom","isPartOf":{"@id":"https:\/\/veevcom.com\/en\/#website"},"primaryImageOfPage":{"@id":"https:\/\/veevcom.com\/en\/luis-de-la-carrasca-presente-flamenco-vivo-baro-drom-au-festival-off-davignon\/#primaryimage"},"image":{"@id":"https:\/\/veevcom.com\/en\/luis-de-la-carrasca-presente-flamenco-vivo-baro-drom-au-festival-off-davignon\/#primaryimage"},"thumbnailUrl":"https:\/\/veevcom.com\/wp-content\/uploads\/2023\/06\/flamenco-vivo-baro-drom.png","datePublished":"2023-06-09T10:38:26+00:00","dateModified":"2023-06-09T10:44:09+00:00","author":{"@id":"https:\/\/veevcom.com\/#\/schema\/person\/754f1f5a030d278766b52cf0e0c62e8b"},"breadcrumb":{"@id":"https:\/\/veevcom.com\/en\/luis-de-la-carrasca-presente-flamenco-vivo-baro-drom-au-festival-off-davignon\/#breadcrumb"},"inLanguage":"en-US","potentialAction":[{"@type":"ReadAction","target":[["https:\/\/veevcom.com\/en\/luis-de-la-carrasca-presente-flamenco-vivo-baro-drom-au-festival-off-davignon\/"]]}]},{"@type":"ImageObject","inLanguage":"en-US","@id":"https:\/\/veevcom.com\/en\/luis-de-la-carrasca-presente-flamenco-vivo-baro-drom-au-festival-off-davignon\/#primaryimage","url":"https:\/\/veevcom.com\/wp-content\/uploads\/2023\/06\/flamenco-vivo-baro-drom.png","contentUrl":"https:\/\/veevcom.com\/wp-content\/uploads\/2023\/06\/flamenco-vivo-baro-drom.png","width":1350,"height":1909},{"@type":"BreadcrumbList","@id":"https:\/\/veevcom.com\/en\/luis-de-la-carrasca-presente-flamenco-vivo-baro-drom-au-festival-off-davignon\/#breadcrumb","itemListElement":[{"@type":"ListItem","position":1,"name":"Accueil","item":"https:\/\/veevcom.com\/en\/"},{"@type":"ListItem","position":2,"name":"Luis de la Carrasca presents \u00ab Flamenco vivo&#8230; Bar\u00f3 Drom \u00bb at the Festival Off d&#8217;Avignon"}]},{"@type":"WebSite","@id":"https:\/\/veevcom.com\/en\/#website","url":"https:\/\/veevcom.com\/en\/","name":"VeevCom","description":"Public Relations and Communication in the Music Industry","potentialAction":[{"@type":"SearchAction","target":{"@type":"EntryPoint","urlTemplate":"https:\/\/veevcom.com\/en\/?s={search_term_string}"},"query-input":{"@type":"PropertyValueSpecification","valueRequired":true,"valueName":"search_term_string"}}],"inLanguage":"en-US"},{"@type":"Person","@id":"https:\/\/veevcom.com\/#\/schema\/person\/754f1f5a030d278766b52cf0e0c62e8b","name":"severine","image":{"@type":"ImageObject","inLanguage":"en-US","@id":"https:\/\/secure.gravatar.com\/avatar\/ba307ed472519f403589981b25bf62b4089c1f82b837eaae855dd05633adf22c?s=96&d=mm&r=g","url":"https:\/\/secure.gravatar.com\/avatar\/ba307ed472519f403589981b25bf62b4089c1f82b837eaae855dd05633adf22c?s=96&d=mm&r=g","contentUrl":"https:\/\/secure.gravatar.com\/avatar\/ba307ed472519f403589981b25bf62b4089c1f82b837eaae855dd05633adf22c?s=96&d=mm&r=g","caption":"severine"}}]}},"_links":{"self":[{"href":"https:\/\/veevcom.com\/en\/wp-json\/wp\/v2\/posts\/26199","targetHints":{"allow":["GET"]}}],"collection":[{"href":"https:\/\/veevcom.com\/en\/wp-json\/wp\/v2\/posts"}],"about":[{"href":"https:\/\/veevcom.com\/en\/wp-json\/wp\/v2\/types\/post"}],"author":[{"embeddable":true,"href":"https:\/\/veevcom.com\/en\/wp-json\/wp\/v2\/users\/3"}],"replies":[{"embeddable":true,"href":"https:\/\/veevcom.com\/en\/wp-json\/wp\/v2\/comments?post=26199"}],"version-history":[{"count":4,"href":"https:\/\/veevcom.com\/en\/wp-json\/wp\/v2\/posts\/26199\/revisions"}],"predecessor-version":[{"id":26204,"href":"https:\/\/veevcom.com\/en\/wp-json\/wp\/v2\/posts\/26199\/revisions\/26204"}],"wp:featuredmedia":[{"embeddable":true,"href":"https:\/\/veevcom.com\/en\/wp-json\/wp\/v2\/media\/26200"}],"wp:attachment":[{"href":"https:\/\/veevcom.com\/en\/wp-json\/wp\/v2\/media?parent=26199"}],"wp:term":[{"taxonomy":"category","embeddable":true,"href":"https:\/\/veevcom.com\/en\/wp-json\/wp\/v2\/categories?post=26199"},{"taxonomy":"post_tag","embeddable":true,"href":"https:\/\/veevcom.com\/en\/wp-json\/wp\/v2\/tags?post=26199"}],"curies":[{"name":"wp","href":"https:\/\/api.w.org\/{rel}","templated":true}]}}