{"id":78979,"date":"2026-09-04T14:24:58","date_gmt":"2026-09-04T12:24:58","guid":{"rendered":"https:\/\/veevcom.com\/?p=78979"},"modified":"2026-09-04T14:24:58","modified_gmt":"2026-09-04T12:24:58","slug":"lensemble-stella-doriente-presente-alta-va-la-luna","status":"publish","type":"post","link":"http:\/\/veevcom.com\/es\/lensemble-stella-doriente-presente-alta-va-la-luna\/","title":{"rendered":"El Ensemble Stella d&#8217;Oriente presenta \u00abAlta va la luna\u00bb"},"content":{"rendered":"<p class=\"qtranxs-available-languages-message qtranxs-available-languages-message-es\">Disculpa, pero esta entrada est\u00e1 disponible s\u00f3lo en <a href=\"http:\/\/veevcom.com\/fr\/wp-json\/wp\/v2\/posts\/78979\" class=\"qtranxs-available-language-link qtranxs-available-language-link-fr\" title=\"FR\">FR<\/a>.<\/p><p><strong>Catalina Skinner&nbsp;&amp; l&#8217;Ensemble Stella d&#8217;Oriente<\/strong>, sous la direction de&nbsp;<strong>Pierre-Yves Binard<\/strong>,&nbsp;r\u00e9v\u00e8leront leur&nbsp;<strong>nouvel album&nbsp;Alta va la luna<\/strong>&nbsp;le&nbsp;<strong>6 novembre 2026<\/strong>&nbsp;(CD et digital) chez&nbsp;<strong>Mundo Azul \/ Inou\u00efe Distribution<\/strong>. L&#8217;opus sera pr\u00e9sent\u00e9 le&nbsp;<strong>jeudi 3 d\u00e9cembre&nbsp;2026<\/strong> sur la sc\u00e8ne du&nbsp;<strong>Studio de l&#8217;Ermitage<\/strong>&nbsp;(Paris, 20e) lors d&#8217;un concert de lancement, avec la participation exceptionnelle de <strong>Laurie Billotet<\/strong> (danse orientale).<\/p>\n<div align=\"left\"><strong>Un voyage musical au c\u0153ur de la M\u00e9diterran\u00e9e m\u00e9di\u00e9vale<\/strong><\/div>\n<div dir=\"ltr\" align=\"left\"><span dir=\"ltr\">Les chants r\u00e9unis sur ce premier album sont n\u00e9s dans l&#8217;espace de la M\u00e9diterran\u00e9e m\u00e9di\u00e9vale, l\u00e0 o\u00f9 les cultures juive, chr\u00e9tienne et musulmane coexistaient, dialoguaient et s&#8217;enrichissaient mutuellement. Le programme tisse trois fils en une m\u00eame trame : les chants jud\u00e9o-espagnols transmis apr\u00e8s l&#8217;expulsion de 1492, les troubadours occitans et catalans chantant l&#8217;amour courtois, et le dialogue spirituel entre les Cantigas de Santa Maria et les chants soufis.<\/span><\/div>\n<div dir=\"ltr\" align=\"left\"><span dir=\"ltr\">Entre complaintes amoureuses et chants sacr\u00e9s, la voix de la mezzo-soprano Catalina Skinner est port\u00e9e par un instrumentarium rare &#8211; oud, q\u00e2noun, fl\u00fbtes ney, saz, luths m\u00e9di\u00e9vaux, violes, basse de violon, harmonium indien, percussions &#8211; o\u00f9 se r\u00e9pondent instruments du monde arabe et instruments m\u00e9di\u00e9vaux europ\u00e9ens, comme si les deux rives de la M\u00e9diterran\u00e9e avaient toujours parl\u00e9 la m\u00eame langue.<\/span><\/div>\n<div dir=\"ltr\" align=\"left\">&nbsp;<\/div>\n<div dir=\"ltr\" align=\"left\"><strong><span dir=\"ltr\">Un ensemble aux identit\u00e9s multiples<\/span><\/strong><\/div>\n<div dir=\"ltr\" align=\"left\"><span dir=\"ltr\">L&#8217;ensemble Stella d&#8217;Oriente incarne dans sa composition m\u00eame le dialogue des cultures qu&#8217;il c\u00e9l\u00e8bre. Les origines fran\u00e7aise, colombienne, syrienne, libanaise, occitane et catalane de ses six musiciens sont la mati\u00e8re vivante de leur interpr\u00e9tation.<\/span><\/div>\n<div dir=\"ltr\" align=\"left\">&nbsp;<\/div>\n<div dir=\"ltr\" align=\"left\"><span dir=\"ltr\"><strong>Distribution :<\/strong><br \/>\n<strong>&#8211;<\/strong> <strong>Catalina Skinner<\/strong>&nbsp;: mezzo-soprano, percussions<br \/>\n<strong>&#8211; Pierre-Yves Binard<\/strong> : baryton, percussions, harmonium indien, direction musicale<br \/>\n<strong>&#8211; Iyad Haimour<\/strong>&nbsp;: q\u00e2noun, oud, fl\u00fbtes ney, chant<br \/>\n<strong>&#8211; Jod\u00ebl Grasset-Saruwatari<\/strong>&nbsp;: luths m\u00e9di\u00e9vaux, qitara, oud<br \/>\n<strong>&#8211; Guillem Giron\u00e8s<\/strong>&nbsp;: dessus de viole, basse de violon<br \/>\n<strong>&#8211; Mahdi Hachem<\/strong>&nbsp;: saz, fl\u00fbtes, vi\u00e8le, riq<\/span><\/div>\n<div dir=\"ltr\" align=\"left\"><span dir=\"ltr\"><strong>&#8211;<\/strong> En concert, l&#8217;ensemble est rejoint par&nbsp;<strong>Laurie Billotet<\/strong>&nbsp;(danse orientale).<\/span><\/div>\n<div dir=\"ltr\" align=\"left\">&nbsp;<\/div>\n<div dir=\"ltr\" align=\"left\">\n<div align=\"left\"><strong>Faire re\u0301sonner les e\u0301chos d&#8217;une Me\u0301diterrane\u0301e plurielle<\/strong><\/div>\n<div align=\"left\"><strong>Alta va la luna<\/strong> \u2014 \u00abHaute va la lune\u00bb \u2014 tire son nom du chant se\u0301farade e\u0301ponyme, ou\u0300 la lune e\u0301claire les amours clandestines. Cet astre qui illumine toutes les rives sans distinction, te\u0301moin silencieux des rencontres humaines par-dela\u0300 les frontie\u0300res, devient la me\u0301taphore centrale de cet album : un acte de me\u0301moire et de re\u0301sistance poe\u0301tique. Les musiques de la Me\u0301diterrane\u0301e me\u0301die\u0301vale portent en elles le souvenir d&#8217;un temps ou\u0300 les cultures juive, chre\u0301tienne et musulmane coexistaient, dialoguaient et s&#8217;enrichissaient mutuellement. A\u0300 l&#8217;heure ou\u0300 les fractures identitaires semblent se creuser, ce programme s&#8217;impose comme un rappel vibrant : nos he\u0301ritages culturels sont intrinse\u0300quement me\u0301tisse\u0301s.<\/div>\n<div align=\"left\">&nbsp;<\/div>\n<div align=\"left\"><strong>Un dialogue qui traverse les sie\u0300cles<\/strong><\/div>\n<div align=\"left\">Les chants se\u0301farades re\u0301unis sur cet album sont ne\u0301s dans l&#8217;Espagne d&#8217;Al-Andalus, ou\u0300 cohabite\u0300rent trois civilisations durant plusieurs sie\u0300cles. Apre\u0300s l&#8217;expulsion de 1492, ces me\u0301lodies traverse\u0300rent la Me\u0301diterrane\u0301e avec les communaute\u0301s juives en exil, se nourrissant des musiques turques, grecques et marocaines rencontre\u0301es au fil des migrations. Paralle\u0300lement, les troubadours occitans et catalans ce\u0301le\u0301braient l&#8217;amour courtois dans une langue d&#8217;Oc de\u0301ja\u0300 traverse\u0301e par les influences arabes venues du Sud.<\/div>\n<div align=\"left\">En re\u0301unissant ces re\u0301pertoires, <strong>Stella d&#8217;Oriente<\/strong> re\u0301ve\u0300le des parente\u0301s historiques re\u0301elles : les me\u0302mes the\u0300mes, les me\u0302mes modes musicaux, les me\u0302mes instruments \u2014 le luth sous ses diffe\u0301rentes formes \u2014 te\u0301moignent d&#8217;e\u0301changes concrets et d&#8217;une circulation continue des saveurs sonores d&#8217;une rive a\u0300 l&#8217;autre.<br \/>\n(&#8230;)<br \/>\n&nbsp;<\/div>\n<div align=\"left\"><strong>Pierre-Yves Binard et Catalina Skinner<\/strong><br \/>\n<strong>Directeurs artistiques de l&#8217;Ensemble Stella d&#8217;Oriente<\/strong><\/div>\n<\/div>\n<p><\/p>","protected":false},"excerpt":{"rendered":"<p>Disculpa, pero esta entrada est\u00e1 disponible s\u00f3lo en FR.Catalina Skinner&nbsp;&amp; l&#8217;Ensemble Stella d&#8217;Oriente, sous la direction de&nbsp;Pierre-Yves Binard,&nbsp;r\u00e9v\u00e8leront leur&nbsp;nouvel album&nbsp;Alta va la luna&nbsp;le&nbsp;6 novembre 2026&nbsp;(CD et digital) chez&nbsp;Mundo Azul \/ Inou\u00efe Distribution. L&#8217;opus sera pr\u00e9sent\u00e9 le&nbsp;jeudi 3 d\u00e9cembre&nbsp;2026 sur la sc\u00e8ne du&nbsp;Studio de l&#8217;Ermitage&nbsp;(Paris, 20e) lors d&#8217;un concert de lancement, avec la participation exceptionnelle de [&hellip;]<\/p>\n","protected":false},"author":3,"featured_media":78980,"comment_status":"closed","ping_status":"closed","sticky":false,"template":"","format":"standard","meta":{"_acf_changed":false,"footnotes":""},"categories":[1],"tags":[],"class_list":["post-78979","post","type-post","status-publish","format-standard","has-post-thumbnail","hentry","category-non-classe"],"acf":[],"yoast_head":"<!-- This site is optimized with the Yoast SEO plugin v27.4 - https:\/\/yoast.com\/product\/yoast-seo-wordpress\/ -->\n<title>El Ensemble Stella d&#039;Oriente presenta &quot;Alta va la luna&quot; - VeevCom<\/title>\n<meta name=\"robots\" content=\"index, follow, max-snippet:-1, max-image-preview:large, max-video-preview:-1\" \/>\n<link rel=\"canonical\" href=\"https:\/\/veevcom.com\/es\/lensemble-stella-doriente-presente-alta-va-la-luna\/\" \/>\n<meta property=\"og:locale\" content=\"es_ES\" \/>\n<meta property=\"og:type\" content=\"article\" \/>\n<meta property=\"og:title\" content=\"El Ensemble Stella d&#039;Oriente presenta &quot;Alta va la luna&quot; - VeevCom\" \/>\n<meta property=\"og:description\" content=\"Disculpa, pero esta entrada est\u00e1 disponible s\u00f3lo en FR.Catalina Skinner&nbsp;&amp; l&#8217;Ensemble Stella d&#8217;Oriente, sous la direction de&nbsp;Pierre-Yves Binard,&nbsp;r\u00e9v\u00e8leront leur&nbsp;nouvel album&nbsp;Alta va la luna&nbsp;le&nbsp;6 novembre 2026&nbsp;(CD et digital) chez&nbsp;Mundo Azul \/ Inou\u00efe Distribution. L&#8217;opus sera pr\u00e9sent\u00e9 le&nbsp;jeudi 3 d\u00e9cembre&nbsp;2026 sur la sc\u00e8ne du&nbsp;Studio de l&#8217;Ermitage&nbsp;(Paris, 20e) lors d&#8217;un concert de lancement, avec la participation exceptionnelle de [&hellip;]\" \/>\n<meta property=\"og:url\" content=\"https:\/\/veevcom.com\/es\/lensemble-stella-doriente-presente-alta-va-la-luna\/\" \/>\n<meta property=\"og:site_name\" content=\"VeevCom\" \/>\n<meta property=\"article:published_time\" content=\"2026-09-04T12:24:58+00:00\" \/>\n<meta property=\"og:image\" content=\"http:\/\/veevcom.com\/wp-content\/uploads\/2026\/09\/4a62a5d6-cfa0-3034-d0ee-4cde3b15c041-scaled.jpg\" \/>\n\t<meta property=\"og:image:width\" content=\"2560\" \/>\n\t<meta property=\"og:image:height\" content=\"2560\" \/>\n\t<meta property=\"og:image:type\" content=\"image\/jpeg\" \/>\n<meta name=\"author\" content=\"severine\" \/>\n<meta name=\"twitter:card\" content=\"summary_large_image\" \/>\n<meta name=\"twitter:label1\" content=\"Escrito por\" \/>\n\t<meta name=\"twitter:data1\" content=\"severine\" \/>\n\t<meta name=\"twitter:label2\" content=\"Tiempo de lectura\" \/>\n\t<meta name=\"twitter:data2\" content=\"1 minuto\" \/>\n<script type=\"application\/ld+json\" class=\"yoast-schema-graph\">{\"@context\":\"https:\\\/\\\/schema.org\",\"@graph\":[{\"@type\":\"Article\",\"@id\":\"https:\\\/\\\/veevcom.com\\\/lensemble-stella-doriente-presente-alta-va-la-luna\\\/#article\",\"isPartOf\":{\"@id\":\"https:\\\/\\\/veevcom.com\\\/lensemble-stella-doriente-presente-alta-va-la-luna\\\/\"},\"author\":{\"name\":\"severine\",\"@id\":\"https:\\\/\\\/veevcom.com\\\/#\\\/schema\\\/person\\\/754f1f5a030d278766b52cf0e0c62e8b\"},\"headline\":\"El Ensemble Stella d&#8217;Oriente presenta \u00abAlta va la luna\u00bb\",\"datePublished\":\"2026-09-04T12:24:58+00:00\",\"mainEntityOfPage\":{\"@id\":\"https:\\\/\\\/veevcom.com\\\/lensemble-stella-doriente-presente-alta-va-la-luna\\\/\"},\"wordCount\":716,\"image\":{\"@id\":\"https:\\\/\\\/veevcom.com\\\/lensemble-stella-doriente-presente-alta-va-la-luna\\\/#primaryimage\"},\"thumbnailUrl\":\"http:\\\/\\\/veevcom.com\\\/wp-content\\\/uploads\\\/2026\\\/09\\\/4a62a5d6-cfa0-3034-d0ee-4cde3b15c041-scaled.jpg\",\"articleSection\":[\"Actualidad\"],\"inLanguage\":\"es\"},{\"@type\":\"WebPage\",\"@id\":\"https:\\\/\\\/veevcom.com\\\/es\\\/lensemble-stella-doriente-presente-alta-va-la-luna\\\/\",\"url\":\"https:\\\/\\\/veevcom.com\\\/es\\\/lensemble-stella-doriente-presente-alta-va-la-luna\\\/\",\"name\":\"El Ensemble Stella d'Oriente presenta \\\"Alta va la luna\\\" - VeevCom\",\"isPartOf\":{\"@id\":\"https:\\\/\\\/veevcom.com\\\/es\\\/#website\"},\"primaryImageOfPage\":{\"@id\":\"https:\\\/\\\/veevcom.com\\\/es\\\/lensemble-stella-doriente-presente-alta-va-la-luna\\\/#primaryimage\"},\"image\":{\"@id\":\"https:\\\/\\\/veevcom.com\\\/lensemble-stella-doriente-presente-alta-va-la-luna\\\/#primaryimage\"},\"thumbnailUrl\":\"http:\\\/\\\/veevcom.com\\\/wp-content\\\/uploads\\\/2026\\\/09\\\/4a62a5d6-cfa0-3034-d0ee-4cde3b15c041-scaled.jpg\",\"datePublished\":\"2026-09-04T12:24:58+00:00\",\"author\":{\"@id\":\"https:\\\/\\\/veevcom.com\\\/#\\\/schema\\\/person\\\/754f1f5a030d278766b52cf0e0c62e8b\"},\"breadcrumb\":{\"@id\":\"https:\\\/\\\/veevcom.com\\\/es\\\/lensemble-stella-doriente-presente-alta-va-la-luna\\\/#breadcrumb\"},\"inLanguage\":\"es\",\"potentialAction\":[{\"@type\":\"ReadAction\",\"target\":[[\"https:\\\/\\\/veevcom.com\\\/es\\\/lensemble-stella-doriente-presente-alta-va-la-luna\\\/\"]]}]},{\"@type\":\"ImageObject\",\"inLanguage\":\"es\",\"@id\":\"https:\\\/\\\/veevcom.com\\\/es\\\/lensemble-stella-doriente-presente-alta-va-la-luna\\\/#primaryimage\",\"url\":\"http:\\\/\\\/veevcom.com\\\/wp-content\\\/uploads\\\/2026\\\/09\\\/4a62a5d6-cfa0-3034-d0ee-4cde3b15c041-scaled.jpg\",\"contentUrl\":\"http:\\\/\\\/veevcom.com\\\/wp-content\\\/uploads\\\/2026\\\/09\\\/4a62a5d6-cfa0-3034-d0ee-4cde3b15c041-scaled.jpg\",\"width\":2560,\"height\":2560},{\"@type\":\"BreadcrumbList\",\"@id\":\"https:\\\/\\\/veevcom.com\\\/es\\\/lensemble-stella-doriente-presente-alta-va-la-luna\\\/#breadcrumb\",\"itemListElement\":[{\"@type\":\"ListItem\",\"position\":1,\"name\":\"Accueil\",\"item\":\"https:\\\/\\\/veevcom.com\\\/es\\\/\"},{\"@type\":\"ListItem\",\"position\":2,\"name\":\"L&rsquo;Ensemble Stella d&rsquo;Oriente pr\u00e9sente \u00ab\u00a0Alta va la luna\u00a0\u00bb\"}]},{\"@type\":\"WebSite\",\"@id\":\"https:\\\/\\\/veevcom.com\\\/es\\\/#website\",\"url\":\"https:\\\/\\\/veevcom.com\\\/es\\\/\",\"name\":\"VeevCom\",\"description\":\"Public Relations and Communication in the Music Industry\",\"potentialAction\":[{\"@type\":\"SearchAction\",\"target\":{\"@type\":\"EntryPoint\",\"urlTemplate\":\"https:\\\/\\\/veevcom.com\\\/es\\\/?s={search_term_string}\"},\"query-input\":{\"@type\":\"PropertyValueSpecification\",\"valueRequired\":true,\"valueName\":\"search_term_string\"}}],\"inLanguage\":\"es\"},{\"@type\":\"Person\",\"@id\":\"https:\\\/\\\/veevcom.com\\\/#\\\/schema\\\/person\\\/754f1f5a030d278766b52cf0e0c62e8b\",\"name\":\"severine\",\"image\":{\"@type\":\"ImageObject\",\"inLanguage\":\"es\",\"@id\":\"https:\\\/\\\/secure.gravatar.com\\\/avatar\\\/ba307ed472519f403589981b25bf62b4089c1f82b837eaae855dd05633adf22c?s=96&d=mm&r=g\",\"url\":\"https:\\\/\\\/secure.gravatar.com\\\/avatar\\\/ba307ed472519f403589981b25bf62b4089c1f82b837eaae855dd05633adf22c?s=96&d=mm&r=g\",\"contentUrl\":\"https:\\\/\\\/secure.gravatar.com\\\/avatar\\\/ba307ed472519f403589981b25bf62b4089c1f82b837eaae855dd05633adf22c?s=96&d=mm&r=g\",\"caption\":\"severine\"}}]}<\/script>\n<!-- \/ Yoast SEO plugin. -->","yoast_head_json":{"title":"El Ensemble Stella d'Oriente presenta \"Alta va la luna\" - VeevCom","robots":{"index":"index","follow":"follow","max-snippet":"max-snippet:-1","max-image-preview":"max-image-preview:large","max-video-preview":"max-video-preview:-1"},"canonical":"https:\/\/veevcom.com\/es\/lensemble-stella-doriente-presente-alta-va-la-luna\/","og_locale":"es_ES","og_type":"article","og_title":"El Ensemble Stella d'Oriente presenta \"Alta va la luna\" - VeevCom","og_description":"Disculpa, pero esta entrada est\u00e1 disponible s\u00f3lo en FR.Catalina Skinner&nbsp;&amp; l&#8217;Ensemble Stella d&#8217;Oriente, sous la direction de&nbsp;Pierre-Yves Binard,&nbsp;r\u00e9v\u00e8leront leur&nbsp;nouvel album&nbsp;Alta va la luna&nbsp;le&nbsp;6 novembre 2026&nbsp;(CD et digital) chez&nbsp;Mundo Azul \/ Inou\u00efe Distribution. L&#8217;opus sera pr\u00e9sent\u00e9 le&nbsp;jeudi 3 d\u00e9cembre&nbsp;2026 sur la sc\u00e8ne du&nbsp;Studio de l&#8217;Ermitage&nbsp;(Paris, 20e) lors d&#8217;un concert de lancement, avec la participation exceptionnelle de [&hellip;]","og_url":"https:\/\/veevcom.com\/es\/lensemble-stella-doriente-presente-alta-va-la-luna\/","og_site_name":"VeevCom","article_published_time":"2026-09-04T12:24:58+00:00","og_image":[{"width":2560,"height":2560,"url":"http:\/\/veevcom.com\/wp-content\/uploads\/2026\/09\/4a62a5d6-cfa0-3034-d0ee-4cde3b15c041-scaled.jpg","type":"image\/jpeg"}],"author":"severine","twitter_card":"summary_large_image","twitter_misc":{"Escrito por":"severine","Tiempo de lectura":"1 minuto"},"schema":{"@context":"https:\/\/schema.org","@graph":[{"@type":"Article","@id":"https:\/\/veevcom.com\/lensemble-stella-doriente-presente-alta-va-la-luna\/#article","isPartOf":{"@id":"https:\/\/veevcom.com\/lensemble-stella-doriente-presente-alta-va-la-luna\/"},"author":{"name":"severine","@id":"https:\/\/veevcom.com\/#\/schema\/person\/754f1f5a030d278766b52cf0e0c62e8b"},"headline":"El Ensemble Stella d&#8217;Oriente presenta \u00abAlta va la luna\u00bb","datePublished":"2026-09-04T12:24:58+00:00","mainEntityOfPage":{"@id":"https:\/\/veevcom.com\/lensemble-stella-doriente-presente-alta-va-la-luna\/"},"wordCount":716,"image":{"@id":"https:\/\/veevcom.com\/lensemble-stella-doriente-presente-alta-va-la-luna\/#primaryimage"},"thumbnailUrl":"http:\/\/veevcom.com\/wp-content\/uploads\/2026\/09\/4a62a5d6-cfa0-3034-d0ee-4cde3b15c041-scaled.jpg","articleSection":["Actualidad"],"inLanguage":"es"},{"@type":"WebPage","@id":"https:\/\/veevcom.com\/es\/lensemble-stella-doriente-presente-alta-va-la-luna\/","url":"https:\/\/veevcom.com\/es\/lensemble-stella-doriente-presente-alta-va-la-luna\/","name":"El Ensemble Stella d'Oriente presenta \"Alta va la luna\" - VeevCom","isPartOf":{"@id":"https:\/\/veevcom.com\/es\/#website"},"primaryImageOfPage":{"@id":"https:\/\/veevcom.com\/es\/lensemble-stella-doriente-presente-alta-va-la-luna\/#primaryimage"},"image":{"@id":"https:\/\/veevcom.com\/lensemble-stella-doriente-presente-alta-va-la-luna\/#primaryimage"},"thumbnailUrl":"http:\/\/veevcom.com\/wp-content\/uploads\/2026\/09\/4a62a5d6-cfa0-3034-d0ee-4cde3b15c041-scaled.jpg","datePublished":"2026-09-04T12:24:58+00:00","author":{"@id":"https:\/\/veevcom.com\/#\/schema\/person\/754f1f5a030d278766b52cf0e0c62e8b"},"breadcrumb":{"@id":"https:\/\/veevcom.com\/es\/lensemble-stella-doriente-presente-alta-va-la-luna\/#breadcrumb"},"inLanguage":"es","potentialAction":[{"@type":"ReadAction","target":[["https:\/\/veevcom.com\/es\/lensemble-stella-doriente-presente-alta-va-la-luna\/"]]}]},{"@type":"ImageObject","inLanguage":"es","@id":"https:\/\/veevcom.com\/es\/lensemble-stella-doriente-presente-alta-va-la-luna\/#primaryimage","url":"http:\/\/veevcom.com\/wp-content\/uploads\/2026\/09\/4a62a5d6-cfa0-3034-d0ee-4cde3b15c041-scaled.jpg","contentUrl":"http:\/\/veevcom.com\/wp-content\/uploads\/2026\/09\/4a62a5d6-cfa0-3034-d0ee-4cde3b15c041-scaled.jpg","width":2560,"height":2560},{"@type":"BreadcrumbList","@id":"https:\/\/veevcom.com\/es\/lensemble-stella-doriente-presente-alta-va-la-luna\/#breadcrumb","itemListElement":[{"@type":"ListItem","position":1,"name":"Accueil","item":"https:\/\/veevcom.com\/es\/"},{"@type":"ListItem","position":2,"name":"L&rsquo;Ensemble Stella d&rsquo;Oriente pr\u00e9sente \u00ab\u00a0Alta va la luna\u00a0\u00bb"}]},{"@type":"WebSite","@id":"https:\/\/veevcom.com\/es\/#website","url":"https:\/\/veevcom.com\/es\/","name":"VeevCom","description":"Public Relations and Communication in the Music Industry","potentialAction":[{"@type":"SearchAction","target":{"@type":"EntryPoint","urlTemplate":"https:\/\/veevcom.com\/es\/?s={search_term_string}"},"query-input":{"@type":"PropertyValueSpecification","valueRequired":true,"valueName":"search_term_string"}}],"inLanguage":"es"},{"@type":"Person","@id":"https:\/\/veevcom.com\/#\/schema\/person\/754f1f5a030d278766b52cf0e0c62e8b","name":"severine","image":{"@type":"ImageObject","inLanguage":"es","@id":"https:\/\/secure.gravatar.com\/avatar\/ba307ed472519f403589981b25bf62b4089c1f82b837eaae855dd05633adf22c?s=96&d=mm&r=g","url":"https:\/\/secure.gravatar.com\/avatar\/ba307ed472519f403589981b25bf62b4089c1f82b837eaae855dd05633adf22c?s=96&d=mm&r=g","contentUrl":"https:\/\/secure.gravatar.com\/avatar\/ba307ed472519f403589981b25bf62b4089c1f82b837eaae855dd05633adf22c?s=96&d=mm&r=g","caption":"severine"}}]}},"_links":{"self":[{"href":"http:\/\/veevcom.com\/es\/wp-json\/wp\/v2\/posts\/78979","targetHints":{"allow":["GET"]}}],"collection":[{"href":"http:\/\/veevcom.com\/es\/wp-json\/wp\/v2\/posts"}],"about":[{"href":"http:\/\/veevcom.com\/es\/wp-json\/wp\/v2\/types\/post"}],"author":[{"embeddable":true,"href":"http:\/\/veevcom.com\/es\/wp-json\/wp\/v2\/users\/3"}],"replies":[{"embeddable":true,"href":"http:\/\/veevcom.com\/es\/wp-json\/wp\/v2\/comments?post=78979"}],"version-history":[{"count":4,"href":"http:\/\/veevcom.com\/es\/wp-json\/wp\/v2\/posts\/78979\/revisions"}],"predecessor-version":[{"id":78986,"href":"http:\/\/veevcom.com\/es\/wp-json\/wp\/v2\/posts\/78979\/revisions\/78986"}],"wp:featuredmedia":[{"embeddable":true,"href":"http:\/\/veevcom.com\/es\/wp-json\/wp\/v2\/media\/78980"}],"wp:attachment":[{"href":"http:\/\/veevcom.com\/es\/wp-json\/wp\/v2\/media?parent=78979"}],"wp:term":[{"taxonomy":"category","embeddable":true,"href":"http:\/\/veevcom.com\/es\/wp-json\/wp\/v2\/categories?post=78979"},{"taxonomy":"post_tag","embeddable":true,"href":"http:\/\/veevcom.com\/es\/wp-json\/wp\/v2\/tags?post=78979"}],"curies":[{"name":"wp","href":"https:\/\/api.w.org\/{rel}","templated":true}]}}